{"id":2959,"date":"2021-09-02T08:55:00","date_gmt":"2021-09-02T08:55:00","guid":{"rendered":"https:\/\/digitalearthafrica.org\/?p=2959"},"modified":"2025-03-28T09:29:03","modified_gmt":"2025-03-28T09:29:03","slug":"reflections-on-ric-2021","status":"publish","type":"post","link":"https:\/\/digitalearthafrica.org\/pt\/reflections-on-ric-2021\/","title":{"rendered":"Reflex\u00f5es sobre o RIC 2021"},"content":{"rendered":"<p>A nossa equipa teve o prazer de participar na Confer\u00eancia Internacional do RCMRD na semana passada como patrocinador de ouro. A equipa fez apresenta\u00e7\u00f5es em seis sess\u00f5es, mostrando a plataforma Digital Earth Africa, os dados dispon\u00edveis e casos de utiliza\u00e7\u00e3o de todo o continente.&nbsp;<\/p>\n\n\n\n<p>Tivemos o prazer de receber dois pr\u00e9mios para o nosso stand, celebrando as visualiza\u00e7\u00f5es mais produtivas e o maior n\u00famero de cart\u00f5es de visita solicitados. O RCMRD continua a ser o nosso parceiro de implementa\u00e7\u00e3o na regi\u00e3o, apoiando os seus Estados membros atrav\u00e9s da utiliza\u00e7\u00e3o de produtos e servi\u00e7os da Digital Earth Africa, tais como o Water Observations from Space (WOfS), Crop mask, Sentinel 2 Geomad, entre outros. Juntos, teremos a \u00c1frica que queremos para apoiar a Agenda 2063 e os ODS da Uni\u00e3o Africana.<\/p>\n\n\n\n<p>Saiba mais sobre o que foi discutido e os destaques de cada um dos dias da confer\u00eancia abaixo. Agradecemos \u00e0 equipa do RCMRD e aos nossos apresentadores, tanto da equipa de cria\u00e7\u00e3o da Digital Earth Africa como dos nossos parceiros de implementa\u00e7\u00e3o, pelos excelentes tr\u00eas dias de sess\u00f5es.<\/p>\n\n\n\n<h2 class=\"wp-block-heading\"><strong>Resumo das sess\u00f5es<\/strong><\/h2>\n\n\n\n<p><strong>Vis\u00e3o geral do Digital Earth Africa&nbsp;<\/strong>- Apresentada por Andiswa Mlisa da Ag\u00eancia Espacial Nacional da \u00c1frica do Sul em nome do seu papel como Co-Presidente do Comit\u00e9 T\u00e9cnico da Digital Earth Africa.&nbsp;&nbsp;<\/p>\n\n\n\n<p><strong>Desvendando a promessa do futuro a partir de padr\u00f5es do passado<\/strong>&nbsp;- Apresentado pelo Dr. Kenneth Mubea da equipa de cria\u00e7\u00e3o da Digital Earth Africa&nbsp;<\/p>\n\n\n\n<p><strong>Observa\u00e7\u00f5es da \u00e1gua a partir do espa\u00e7o: Mapas exactos das \u00e1guas superficiais ao longo do tempo para o continente africano<\/strong>&nbsp;- Apresentado por David Ongo em nome da equipa de trabalho de desenvolvimento de produtos da Digital Earth Africa.&nbsp;<\/p>\n\n\n\n<p><strong>Digital Earth Africa - Plataforma da pr\u00f3xima gera\u00e7\u00e3o para revolucionar as aplica\u00e7\u00f5es EO em \u00c1frica<\/strong><em>&nbsp;<\/em>- Apresentado por Edward Boamah da equipa de cria\u00e7\u00e3o da Digital Earth Africa&nbsp;<\/p>\n\n\n\n<p><strong>Extens\u00e3o de terras agr\u00edcolas da Digital Earth Africa para a \u00c1frica Oriental<\/strong>&nbsp;- Apresentado por Chad Burton da Digital Earth Africa, desenvolvido em conjunto com membros da equipa do AGRHYMET (N\u00edger), AfriGIST (Nig\u00e9ria), RCMRD (Qu\u00e9nia), OSS (Tun\u00edsia) e NADMO (Gana)<\/p>\n\n\n\n<figure class=\"wp-block-image size-full\"><img loading=\"lazy\" decoding=\"async\" width=\"1611\" height=\"306\" src=\"https:\/\/digitalearthafrica.org\/wp-content\/uploads\/RIC-conference-presentations-.png\" alt=\"\" class=\"wp-image-2960\" srcset=\"https:\/\/digitalearthafrica.org\/wp-content\/uploads\/RIC-conference-presentations-.png 1611w, https:\/\/digitalearthafrica.org\/wp-content\/uploads\/RIC-conference-presentations--960x182.png 960w, https:\/\/digitalearthafrica.org\/wp-content\/uploads\/RIC-conference-presentations--768x146.png 768w, https:\/\/digitalearthafrica.org\/wp-content\/uploads\/RIC-conference-presentations--1536x292.png 1536w\" sizes=\"auto, (max-width: 1611px) 100vw, 1611px\" \/><\/figure>\n\n\n\n<h2 class=\"wp-block-heading\"><strong>Destaques do primeiro dia&nbsp;<\/strong><\/h2>\n\n\n\n<p>A Sra. Elizabeth B. Khumotoka (Presidente do Conselho de Administra\u00e7\u00e3o da RCMRD) abriu a confer\u00eancia com uma cerim\u00f3nia de boas-vindas \u00e0 convidada principal, a Sra. Farida Karoney (Secret\u00e1ria de Estado, Minist\u00e9rio do Territ\u00f3rio, Qu\u00e9nia). A Sra. Farida destacou a inclus\u00e3o dos jovens e das mulheres na abordagem da resili\u00eancia clim\u00e1tica e felicitou os organizadores da confer\u00eancia por proporcionarem um espa\u00e7o para os delegados partilharem conhecimentos e inova\u00e7\u00e3o num ambiente virtual e seguro. Acompanhe a transmiss\u00e3o em direto&nbsp;<a href=\"https:\/\/youtu.be\/g2_97BGAu_k\" target=\"_blank\" rel=\"noopener\">aqui<\/a>.<\/p>\n\n\n\n<p>O membro do Conselho de Administra\u00e7\u00e3o e do Comit\u00e9 T\u00e9cnico Consultivo da Digital Earth Africa, Steven Ramage, e o copresidente do Comit\u00e9 T\u00e9cnico Consultivo, Andiswa Mlisa, fizeram uma apresenta\u00e7\u00e3o sobre<em>Liga\u00e7\u00e3o da pol\u00edtica cient\u00edfica \u00e0 medi\u00e7\u00e3o da resili\u00eancia<\/em>'. Ambos os apresentadores destacaram o papel do DE Africa em ajudar \u00c1frica a alcan\u00e7ar a resili\u00eancia clim\u00e1tica e a trabalhar para alcan\u00e7ar os Objectivos de Desenvolvimento Sustent\u00e1vel (ODS) da ONU e a Agenda 2063 da Uni\u00e3o Africana. Acompanhe a transmiss\u00e3o em direto&nbsp;<a href=\"https:\/\/www.youtube.com\/watch?v=btjdaL0W2_U\" target=\"_blank\" rel=\"noopener\">aqui<\/a>.&nbsp;<\/p>\n\n\n\n<h2 class=\"wp-block-heading\"><strong>Destaques do segundo dia&nbsp;<\/strong><\/h2>\n\n\n\n<p>O segundo dia da confer\u00eancia centrou-se na aplica\u00e7\u00e3o de ferramentas de observa\u00e7\u00e3o da Terra e SIG na adapta\u00e7\u00e3o e mitiga\u00e7\u00e3o do clima. Contou com apresenta\u00e7\u00f5es da Comiss\u00e3o da Uni\u00e3o Africana, da Funda\u00e7\u00e3o Bill e Melinda Gates e do KEMRI. Acompanhe a transmiss\u00e3o em direto&nbsp;<a href=\"https:\/\/www.youtube.com\/watch?v=btjdaL0W2_U\" target=\"_blank\" rel=\"noopener\">aqui<\/a>.<\/p>\n\n\n\n<p>A DE Africa participou na sess\u00e3o paralela, dedicada ao tema da Agricultura e Seguran\u00e7a Alimentar, com Chad Burton a apresentar a extens\u00e3o das terras cultivadas na \u00c1frica Oriental. A sala de contactos da Digital Earth Africa tamb\u00e9m foi muito bem recebida.&nbsp;<\/p>\n\n\n\n<h2 class=\"wp-block-heading\"><strong>Destaques do terceiro dia&nbsp;<\/strong><\/h2>\n\n\n\n<p>No \u00faltimo dia, a t\u00f3nica foi colocada na Inova\u00e7\u00e3o na Cria\u00e7\u00e3o de Resili\u00eancia, Mitiga\u00e7\u00e3o Clim\u00e1tica e Estrat\u00e9gias de Adapta\u00e7\u00e3o. Ouvimos o Dr. David Obura, da CORDIO East Africa, o Sr. Martin Mulongo, da USAID, Qu\u00e9nia, e a Dra. Halima Saado, do Centro Internacional para os Assuntos Humanit\u00e1rios (ICHA), da Sociedade da Cruz Vermelha do Qu\u00e9nia. Os discursos de abertura abordaram a adapta\u00e7\u00e3o e a atenua\u00e7\u00e3o das altera\u00e7\u00f5es clim\u00e1ticas no sector costeiro e marinho (da CORDIO East Africa), o desenvolvimento resiliente \u00e0s altera\u00e7\u00f5es clim\u00e1ticas no sector WASH (USAID Qu\u00e9nia) e os avan\u00e7os no planeamento e financiamento dos riscos clim\u00e1ticos (INCA).&nbsp;<\/p>\n\n\n\n<p>O DE \u00c1frica foi apresentado numa sess\u00e3o paralela no Centro de Inova\u00e7\u00f5es e Desenvolvimento. As sess\u00f5es de posters mostraram a amplitude da oferta do programa, apresentando o nosso programa de desenvolvimento de capacidades e o retrodifus\u00e3o do radar Sentinel-1 Analysis Ready para o continente africano. Foram tamb\u00e9m proferidas palestras que apresentaram o DE Africa como a plataforma da pr\u00f3xima gera\u00e7\u00e3o para revolucionar as aplica\u00e7\u00f5es EO em \u00c1frica, utilizando a plataforma para monitorizar a extens\u00e3o das culturas e a forma como os dados podem ser utilizados para s\u00e9ries temporais e dete\u00e7\u00e3o de altera\u00e7\u00f5es em todo o continente.&nbsp;<\/p>\n\n\n\n<p>A confer\u00eancia terminou com uma cerim\u00f3nia de encerramento, incluindo uma palestra que deu algumas ideias importantes sobre a import\u00e2ncia das observa\u00e7\u00f5es da Terra na abordagem da resili\u00eancia e dos ODS da ONU em toda a \u00c1frica. O Dr. Emmanuel Nkurunziza agradeceu aos parceiros e patrocinadores e declarou: \"Juntos, vamos ultrapassar a era da COVID, uma vez que a observa\u00e7\u00e3o da Terra \u00e9 fundamental para o planeamento da gest\u00e3o sustent\u00e1vel dos recursos naturais\".&nbsp;<\/p>\n\n\n\n<figure class=\"wp-block-image size-full\"><img loading=\"lazy\" decoding=\"async\" width=\"475\" height=\"395\" src=\"https:\/\/digitalearthafrica.org\/wp-content\/uploads\/RIC-1.png\" alt=\"\" class=\"wp-image-2962\"\/><figcaption class=\"wp-element-caption\">&nbsp; &nbsp; &nbsp; &nbsp; &nbsp; &nbsp; &nbsp; &nbsp; &nbsp; &nbsp; &nbsp; &nbsp; &nbsp; &nbsp; &nbsp; &nbsp; &nbsp; &nbsp; &nbsp; &nbsp;Adeus #RIC2021<\/figcaption><\/figure>","protected":false},"excerpt":{"rendered":"<p>Our team was excited to attend the RCMRD International Conference last week as a gold sponsor. The team presented in six sessions showcasing the Digital Earth Africa platform, the data available and use cases from across the continent.&nbsp; We were delighted to receive two awards for our booth, celebrating the most productive views and most [&hellip;]<\/p>\n","protected":false},"author":3,"featured_media":2961,"comment_status":"open","ping_status":"open","sticky":false,"template":"","format":"standard","meta":{"_acf_changed":false,"footnotes":""},"categories":[31],"tags":[],"audience":[],"class_list":["post-2959","post","type-post","status-publish","format-standard","has-post-thumbnail","hentry","category-capacity-development"],"acf":[],"_links":{"self":[{"href":"https:\/\/digitalearthafrica.org\/pt\/wp-json\/wp\/v2\/posts\/2959","targetHints":{"allow":["GET"]}}],"collection":[{"href":"https:\/\/digitalearthafrica.org\/pt\/wp-json\/wp\/v2\/posts"}],"about":[{"href":"https:\/\/digitalearthafrica.org\/pt\/wp-json\/wp\/v2\/types\/post"}],"author":[{"embeddable":true,"href":"https:\/\/digitalearthafrica.org\/pt\/wp-json\/wp\/v2\/users\/3"}],"replies":[{"embeddable":true,"href":"https:\/\/digitalearthafrica.org\/pt\/wp-json\/wp\/v2\/comments?post=2959"}],"version-history":[{"count":1,"href":"https:\/\/digitalearthafrica.org\/pt\/wp-json\/wp\/v2\/posts\/2959\/revisions"}],"predecessor-version":[{"id":2963,"href":"https:\/\/digitalearthafrica.org\/pt\/wp-json\/wp\/v2\/posts\/2959\/revisions\/2963"}],"wp:featuredmedia":[{"embeddable":true,"href":"https:\/\/digitalearthafrica.org\/pt\/wp-json\/wp\/v2\/media\/2961"}],"wp:attachment":[{"href":"https:\/\/digitalearthafrica.org\/pt\/wp-json\/wp\/v2\/media?parent=2959"}],"wp:term":[{"taxonomy":"category","embeddable":true,"href":"https:\/\/digitalearthafrica.org\/pt\/wp-json\/wp\/v2\/categories?post=2959"},{"taxonomy":"post_tag","embeddable":true,"href":"https:\/\/digitalearthafrica.org\/pt\/wp-json\/wp\/v2\/tags?post=2959"},{"taxonomy":"audience","embeddable":true,"href":"https:\/\/digitalearthafrica.org\/pt\/wp-json\/wp\/v2\/audience?post=2959"}],"curies":[{"name":"[wp]","href":"https:\/\/api.w.org\/{rel}","templated":true}]}}